{"id":339,"date":"2013-09-11T19:14:23","date_gmt":"2013-09-11T19:14:23","guid":{"rendered":"http:\/\/www.sy-sinus.de\/?p=339"},"modified":"2013-09-11T19:14:23","modified_gmt":"2013-09-11T19:14:23","slug":"von-malle-bis-gibralta","status":"publish","type":"post","link":"http:\/\/www.sy-sinus.de\/?p=339","title":{"rendered":"Von Malle bis Gibralta"},"content":{"rendered":"<p>Nachdem mit fachm\u00e4nnischer Hilfe mein K\u00fchlschrank ind mein Gro\u00dfsegel wieder in Ordnung sind habe ich nach Cala Figuera verholt. Mit diesem Hafen haben Thomas und ich uns letztes Jahr schon nicht anfreunden k\u00f6nnen. In der Marina durfte ich nicht festmachen (angeblich alles reserviert &#8211; es kam\u00a0 aber keiner). So habe ich dort vor Anker gelegen. Sven wartete dort schon auf mich. Er hatte mit seinen Freunden direkt am Hafen ein gro\u00dfes Apartment gemietet. F\u00fcr 2 Tage wurde die Sinus in ein Badeboot verwandelt.<a href=\"http:\/\/www.sy-sinus.de\/wp-content\/uploads\/2013\/09\/FILE0009.jpg\"><img decoding=\"async\" class=\"alignnone size-medium wp-image-338\" alt=\"DCIM100MEDIA\" src=\"http:\/\/www.sy-sinus.de\/wp-content\/uploads\/2013\/09\/FILE0009.jpg\" \/><\/a><\/p>\n<p>Mit dem Schlauchboot wurden Forschungsfahrten in diverse H\u00f6hlen unternommen.<\/p>\n<p>Von dort bin ich nach Cala Figuera gesegelt. Dieses ist eine kleine Bucht an der Nord-Ost Spitze von Mallorca. Der Wind stand auf S\u00fcd und sollte so auch bleiben. Da die Bucht nach NO offen ist erhoffte ich mir eine ruhige Nacht vor Anker. Morgens um 5 weckte mich\u00a0 2 Meterwellen. Der Wind stand mit 14Knt. genau in die Bucht. Aber der Anker hielt.\u00a0 Beim Bergen hat sich dann das Ankerspill zerlegt. Mit Hilfe der Wellent\u00e4ler konnte ich dann \u00fcber die Klampe die Kette langsam einholen. Sogar der Anker kam irgendwann. Ich wusste nie das man einen solchen so verbiegen kann. Beim rausmotoren fing meinMotor an zu piepen. Kein K\u00fchlwasser. Also Segel hoch und kreuzen. Gut ,dass das vorbereitet war.<\/p>\n<p>Alicante, wo ich Michael Dittmer erwartete war nun mein n\u00e4chstes Ziel. Wenig Wind bescherte mir einen langen T\u00f6rn unter G1 oder Gennaker.\u00a0 Mit Michael segelten wir die Strecke nach Malaga mit\u00a0Ankern und ein paar H\u00e4fen in einer Woche. Malaga ist f\u00fcr Sportschiffer nicht zu empfehlen. Die Hafentage werden nach Datum abgerechnet. Wir kamen um 18\u00b0\u00b0 Uhr an. So musste der erste Tag bis 24Uhr bezahlt werden. Wenn man\u00a0das nicht kennt steht am n\u00e4chsten Tag\u00a0 um\u00a0 23,45 und fordert dich auf den Hafen zu verlassen\u00a0oder noch einen Tag zu bezahlen. Ich habe das Ankern vorgezogen. Von Malaga nach Gibralta\u00a0trieb ich mehr oder weniger mit Unterbrechungen in Marinas, die schon von der Hinfahrt kannte. In Gibralta liege ich nun in der Spanischen Marina preiswert und\u00a0 warte auf ein Ersatzteil f\u00fcr meine Windsteuerung.<\/p>\n<p>&nbsp;<\/p>\n","protected":false},"excerpt":{"rendered":"<p>Nachdem mit fachm\u00e4nnischer Hilfe mein K\u00fchlschrank ind mein Gro\u00dfsegel wieder in Ordnung sind habe ich nach Cala Figuera verholt. Mit<\/p>\n<p class=\"readmore\"><a href=\"http:\/\/www.sy-sinus.de\/?p=339\" title=\"Read Von Malle bis Gibralta\">Read more &raquo;<\/a><\/p>\n","protected":false},"author":2,"featured_media":0,"comment_status":"open","ping_status":"closed","sticky":false,"template":"","format":"standard","meta":{"footnotes":""},"categories":[1],"tags":[],"_links":{"self":[{"href":"http:\/\/www.sy-sinus.de\/index.php?rest_route=\/wp\/v2\/posts\/339"}],"collection":[{"href":"http:\/\/www.sy-sinus.de\/index.php?rest_route=\/wp\/v2\/posts"}],"about":[{"href":"http:\/\/www.sy-sinus.de\/index.php?rest_route=\/wp\/v2\/types\/post"}],"author":[{"embeddable":true,"href":"http:\/\/www.sy-sinus.de\/index.php?rest_route=\/wp\/v2\/users\/2"}],"replies":[{"embeddable":true,"href":"http:\/\/www.sy-sinus.de\/index.php?rest_route=%2Fwp%2Fv2%2Fcomments&post=339"}],"version-history":[{"count":0,"href":"http:\/\/www.sy-sinus.de\/index.php?rest_route=\/wp\/v2\/posts\/339\/revisions"}],"wp:attachment":[{"href":"http:\/\/www.sy-sinus.de\/index.php?rest_route=%2Fwp%2Fv2%2Fmedia&parent=339"}],"wp:term":[{"taxonomy":"category","embeddable":true,"href":"http:\/\/www.sy-sinus.de\/index.php?rest_route=%2Fwp%2Fv2%2Fcategories&post=339"},{"taxonomy":"post_tag","embeddable":true,"href":"http:\/\/www.sy-sinus.de\/index.php?rest_route=%2Fwp%2Fv2%2Ftags&post=339"}],"curies":[{"name":"wp","href":"https:\/\/api.w.org\/{rel}","templated":true}]}}