{"id":255,"date":"2013-02-17T16:06:02","date_gmt":"2013-02-17T16:06:02","guid":{"rendered":"http:\/\/www.sy-sinus.de\/?p=255"},"modified":"2013-02-17T16:06:02","modified_gmt":"2013-02-17T16:06:02","slug":"mallorca-rund","status":"publish","type":"post","link":"http:\/\/www.sy-sinus.de\/?p=255","title":{"rendered":"Mallorca rund"},"content":{"rendered":"<p>Von San Petro segelten Thomas und ich nach Cala Ratjada. Kein sch\u00f6ner Hafen. Der Gastschlengel war so angelegt, da\u00df man toll\u00a0\u00a0\u00a0im Schwell auf der Au\u00dfenkante des Hafenbecken gelegen h\u00e4tte. Dieses haben wir verweigert und sind an die Tankstelle gegangen\u00a0. Am Wochenende war diese geschlossen.\u00a0\u00a0&#8212;-<\/p>\n<p>Nach 4,5 Stunden und 16.5 Meilen erreichten wir San Pedro. Vor und neben\u00a0uns grummelte es die meiste Zeit. Der Himmel schwarz. Direkt nach dem Festmachen entlud sich das Gewitter auch \u00fcber uns. Das war\u00a0just in Time. Wir waren mal wieder die einzigen G\u00e4ste.\u00a0\u00a0Zwei Superm\u00e4rkte in Winterpause. Brot und Milch haben wir an einer Imbissbude bekommen\u00a0.<\/p>\n<p>Port de Pollenca liegt tief in einer Bucht 22,6 Meilen entfernt. Mit wenig Wind von vorne haben wir 7,23 Stunden gebraucht. Die Landschaft wird immer sch\u00f6ner. Hier w\u00a0ar der Supermarkt eine halbe Stunde Fu\u00dfweg entfernt. Der Biernachschub musste hart erarbeitet werden.\u00a0 Am n\u00e4chsten Tag (20.11) kein Wind. So motorten wir die ganze Strecke bis S\u00f6ller\u00a0. Super Landschaft! Keine weiteren Schiffe bis kurz vor dem Hafen (35,3 sm in 7,5Std.). Der Gastliegeschlengel war relativ neu aber trotzdem alles defekt. Kein Strom und Wasser. Defekte Toiletten. Nun soll er verkauft werden. Der Besuch lohnt sich trotzdem. Eine Fahrt mit der alten Stra\u00dfenbahn ist Pflicht. Nach zwei Tagen segelten wir weiter an der sch\u00f6nen Nordk\u00fcste nach Port de Andratx. Ein moderner Hafen.Liegeplatzgeb\u00fchren im Winter bis 12m 32,95\u20ac und in der Hauptzeit 165\u20ac. Der Stadthafen gegen\u00fcber kostet 7,95\/35\u20ac.Bietet aber auch gar nichts. Am 24.11. ist Thomas wieder nach Hause geflogen.<\/p>\n<p>Der Kranwagen und Trailer wurde bestellt. Die Spanier testen meine Geduld. Aber irgendwie steht das Schiff auf dem Platz von Andreas Hugh. Da ich am Hafen keinen Hochdruckreiniger bekommen habe wurde mir dieser\u00a0f\u00fcr den Bootslagerplatz zugesagt. Zwei waren auch dort- aber defekt-. Ein dritter wurde noch besorgt.W\u00e4hrend ich am reinigen war kam ein weiteres Schiff auf einem Trailer . Der Trailer wurde genau auf dem Schlauch abgestellt und nicht weiter bewegt ,da es finanzielle Unstimmigkeiten gab. Darauf habe ich den Schlauch rechts und links vom Reifen durchgeschnitten und wieder geflickt.<\/p>\n<p>&nbsp;<\/p>\n<p>&nbsp;<\/p>\n<p>&nbsp;<\/p>\n","protected":false},"excerpt":{"rendered":"<p>Von San Petro segelten Thomas und ich nach Cala Ratjada. Kein sch\u00f6ner Hafen. Der Gastschlengel war so angelegt, da\u00df man<\/p>\n<p class=\"readmore\"><a href=\"http:\/\/www.sy-sinus.de\/?p=255\" title=\"Read Mallorca rund\">Read more &raquo;<\/a><\/p>\n","protected":false},"author":2,"featured_media":0,"comment_status":"open","ping_status":"closed","sticky":false,"template":"","format":"standard","meta":{"footnotes":""},"categories":[1],"tags":[],"_links":{"self":[{"href":"http:\/\/www.sy-sinus.de\/index.php?rest_route=\/wp\/v2\/posts\/255"}],"collection":[{"href":"http:\/\/www.sy-sinus.de\/index.php?rest_route=\/wp\/v2\/posts"}],"about":[{"href":"http:\/\/www.sy-sinus.de\/index.php?rest_route=\/wp\/v2\/types\/post"}],"author":[{"embeddable":true,"href":"http:\/\/www.sy-sinus.de\/index.php?rest_route=\/wp\/v2\/users\/2"}],"replies":[{"embeddable":true,"href":"http:\/\/www.sy-sinus.de\/index.php?rest_route=%2Fwp%2Fv2%2Fcomments&post=255"}],"version-history":[{"count":0,"href":"http:\/\/www.sy-sinus.de\/index.php?rest_route=\/wp\/v2\/posts\/255\/revisions"}],"wp:attachment":[{"href":"http:\/\/www.sy-sinus.de\/index.php?rest_route=%2Fwp%2Fv2%2Fmedia&parent=255"}],"wp:term":[{"taxonomy":"category","embeddable":true,"href":"http:\/\/www.sy-sinus.de\/index.php?rest_route=%2Fwp%2Fv2%2Fcategories&post=255"},{"taxonomy":"post_tag","embeddable":true,"href":"http:\/\/www.sy-sinus.de\/index.php?rest_route=%2Fwp%2Fv2%2Ftags&post=255"}],"curies":[{"name":"wp","href":"https:\/\/api.w.org\/{rel}","templated":true}]}}