{"id":244,"date":"2012-11-16T18:35:41","date_gmt":"2012-11-16T18:35:41","guid":{"rendered":"http:\/\/www.sy-sinus.de\/?p=244"},"modified":"2012-11-16T18:35:41","modified_gmt":"2012-11-16T18:35:41","slug":"sommer-16-november-2012","status":"publish","type":"post","link":"http:\/\/www.sy-sinus.de\/?p=244","title":{"rendered":"Sommer 16.November 2012?"},"content":{"rendered":"<p>Wiebke und Familie sind in Palma wieder ausgestiegen. Es war ein sch\u00f6ner Familienurlaub. Teilweise schon wieder ungewohnt. Es hat aber trotzdem viel Spa\u00df gemacht. Wir sind \u00fcber mehrere kleine H\u00e4fen zur Insel\u00a0 Formentera gesegelt. Kurz vor dem Hafen gegen 4,30Uhr Nachts \u00fcberraschte uns der Wind noch mit knapp 30Knt. Der Hafen ist sein Geld nicht wert. In der Wintersaison ist alles zu. Daf\u00fcr gibt es 24 Autovermietungen. Der n\u00e4chste Hafen auf Mallorca -Adriano- war das krasse Gegenteil. Super Anlage, gepflegt mit top Service und preiswert. Die Anlage war 2011 erweitert\u00a0 und mit gro\u00dfen Schiffen belegt worden. Abends war die Gasflasche alle. Dieses lie\u00df sich mit Pizzas regeln. Am n\u00e4chsten Tag mu\u00dften tausend H\u00fcrden \u00fcberwunden werden, um wieder eine Gasversorgung zu haben. Mit einem sehr netten Taxifahrer wurde alles erledigt.<\/p>\n<p>Real Club Nautico\u00a0in Palma war dann f\u00fcr eine \u00a0ganze Woche meine\u00a0\u00a0Heimat. Wir bekamen einen tollen Liegeplatz direkt am Clubhaus zugewiesen. Luxus pur. Riesige Segel und Motorjachten. Abends hingen in ca 40 Meter H\u00f6he lauter rote Toplichter. Der Verein ist seht gut genutzt. Mit 2 Schwimmb\u00e4dern und Fitnessbude,Kraftraum war den ganzen Tag immer was los. Es sind ca. 1000 Mitglieder. Am Sonntag kam Thomas Eychm\u00fcller. Leider auch viel Wind. Erst am Mittwoch konnten wir ablegen. Mit Gro\u00df und G1 gestartet und mit G3 angekommen hatten wir einen herrlichen Segeltag bei 20\u00b0. Repita war mal wieder ein kleiner Hafen, \u00a0der sein Geld nicht wert war. Aber San Petro, wo wir auch mit einem super Segeltag gelandet sind, wiegt wieder alles auf. Landschaftlich sehr sch\u00f6n in einer tiefen Bucht gelegen. Da mussten wir einfach\u00a0einen Tag l\u00e4nger bleiben. Zum Titel: Es sind 20\u00b0 und wir laufen im T-Shirt und Shorts. In Palma h\u00e4ngt in den Stra\u00dfen die Weihnachtsbeleuchtung und die Werbung f\u00fcr Weihnachtsm\u00e4rkte und Tannenbaumverk\u00e4ufe l\u00e4uft. Paradox!<\/p>\n","protected":false},"excerpt":{"rendered":"<p>Wiebke und Familie sind in Palma wieder ausgestiegen. Es war ein sch\u00f6ner Familienurlaub. Teilweise schon wieder ungewohnt. Es hat aber<\/p>\n<p class=\"readmore\"><a href=\"http:\/\/www.sy-sinus.de\/?p=244\" title=\"Read Sommer 16.November 2012?\">Read more &raquo;<\/a><\/p>\n","protected":false},"author":2,"featured_media":0,"comment_status":"open","ping_status":"closed","sticky":false,"template":"","format":"standard","meta":{"footnotes":""},"categories":[1],"tags":[],"_links":{"self":[{"href":"http:\/\/www.sy-sinus.de\/index.php?rest_route=\/wp\/v2\/posts\/244"}],"collection":[{"href":"http:\/\/www.sy-sinus.de\/index.php?rest_route=\/wp\/v2\/posts"}],"about":[{"href":"http:\/\/www.sy-sinus.de\/index.php?rest_route=\/wp\/v2\/types\/post"}],"author":[{"embeddable":true,"href":"http:\/\/www.sy-sinus.de\/index.php?rest_route=\/wp\/v2\/users\/2"}],"replies":[{"embeddable":true,"href":"http:\/\/www.sy-sinus.de\/index.php?rest_route=%2Fwp%2Fv2%2Fcomments&post=244"}],"version-history":[{"count":0,"href":"http:\/\/www.sy-sinus.de\/index.php?rest_route=\/wp\/v2\/posts\/244\/revisions"}],"wp:attachment":[{"href":"http:\/\/www.sy-sinus.de\/index.php?rest_route=%2Fwp%2Fv2%2Fmedia&parent=244"}],"wp:term":[{"taxonomy":"category","embeddable":true,"href":"http:\/\/www.sy-sinus.de\/index.php?rest_route=%2Fwp%2Fv2%2Fcategories&post=244"},{"taxonomy":"post_tag","embeddable":true,"href":"http:\/\/www.sy-sinus.de\/index.php?rest_route=%2Fwp%2Fv2%2Ftags&post=244"}],"curies":[{"name":"wp","href":"https:\/\/api.w.org\/{rel}","templated":true}]}}