{"id":156,"date":"2012-09-30T07:25:20","date_gmt":"2012-09-30T07:25:20","guid":{"rendered":"http:\/\/www.sy-sinus.de\/?p=156"},"modified":"2012-10-12T17:54:59","modified_gmt":"2012-10-12T17:54:59","slug":"cascais","status":"publish","type":"post","link":"http:\/\/www.sy-sinus.de\/?p=156","title":{"rendered":"Cascais"},"content":{"rendered":"<p><a href=\"http:\/\/www.sy-sinus.de\/wp-content\/uploads\/2012\/10\/IMGP4893.jpg\"><img decoding=\"async\" loading=\"lazy\" class=\"alignright size-medium wp-image-165\" title=\"IMGP4893\" src=\"http:\/\/www.sy-sinus.de\/wp-content\/uploads\/2012\/10\/IMGP4893-300x199.jpg\" alt=\"\" width=\"300\" height=\"199\" srcset=\"http:\/\/www.sy-sinus.de\/wp-content\/uploads\/2012\/10\/IMGP4893-300x199.jpg 300w, http:\/\/www.sy-sinus.de\/wp-content\/uploads\/2012\/10\/IMGP4893.jpg 479w\" sizes=\"(max-width: 300px) 100vw, 300px\" \/><\/a><a href=\"http:\/\/www.sy-sinus.de\/wp-content\/uploads\/2012\/10\/IMGP4891.jpg\"><img decoding=\"async\" loading=\"lazy\" class=\"alignright size-medium wp-image-183\" title=\"IMGP4891\" src=\"http:\/\/www.sy-sinus.de\/wp-content\/uploads\/2012\/10\/IMGP4891-300x199.jpg\" alt=\"\" width=\"300\" height=\"199\" srcset=\"http:\/\/www.sy-sinus.de\/wp-content\/uploads\/2012\/10\/IMGP4891-300x199.jpg 300w, http:\/\/www.sy-sinus.de\/wp-content\/uploads\/2012\/10\/IMGP4891.jpg 479w\" sizes=\"(max-width: 300px) 100vw, 300px\" \/><\/a><a href=\"http:\/\/www.sy-sinus.de\/wp-content\/uploads\/2012\/10\/IMGP4888.jpg\"><img decoding=\"async\" loading=\"lazy\" class=\"alignright size-medium wp-image-168\" title=\"IMGP4888\" src=\"http:\/\/www.sy-sinus.de\/wp-content\/uploads\/2012\/10\/IMGP4888-300x199.jpg\" alt=\"Kabelbahn Porto\" width=\"300\" height=\"199\" srcset=\"http:\/\/www.sy-sinus.de\/wp-content\/uploads\/2012\/10\/IMGP4888-300x199.jpg 300w, http:\/\/www.sy-sinus.de\/wp-content\/uploads\/2012\/10\/IMGP4888.jpg 479w\" sizes=\"(max-width: 300px) 100vw, 300px\" \/><\/a><a href=\"http:\/\/www.sy-sinus.de\/wp-content\/uploads\/2012\/10\/IMGP4896.jpg\"><img decoding=\"async\" loading=\"lazy\" class=\"alignright size-medium wp-image-170\" title=\"IMGP4896\" src=\"http:\/\/www.sy-sinus.de\/wp-content\/uploads\/2012\/10\/IMGP4896-199x300.jpg\" alt=\"\" width=\"199\" height=\"300\" srcset=\"http:\/\/www.sy-sinus.de\/wp-content\/uploads\/2012\/10\/IMGP4896-199x300.jpg 199w, http:\/\/www.sy-sinus.de\/wp-content\/uploads\/2012\/10\/IMGP4896.jpg 318w\" sizes=\"(max-width: 199px) 100vw, 199px\" \/><\/a>Seit la Coruna habe ich mich nun nicht mehr gemeldet. Mit einer langen Tour nach Porto Sin am Rio Tambre haben wir Gallitien erreicht. Porto Sin h\u00e4tte man sich auch sparen k\u00f6nnen. Teuer, kein sch\u00f6ner Ort und teure Hafengeb\u00fchren. Somit wurde Viana da Castello angesteuert. Dies ist ein ganz kleiner Hafen. Festmachen mit Heck und einem Tampen der am Steg h\u00e4ngt und im Hafenbecken verankert ist. Mords Sauerei. Der dreckige Tampen veranlasst anschlie\u00dfend ein Decksreinigung. Bei diesem Man\u00f6ver habe ich mir auch noch meine Gennakerschot mit der Schraube eingefangen. Tauchen war nun angesagt. \u00dcber Baiona,der letzte Hafen in Spanien an der Westk\u00fcste ging es nach Portugal. Leixoes, liegt vor Porto, wurde dann mit viel Wind erreicht. Am 24.9. verst\u00e4rkte Alexander Eychm\u00fcller meine Crew. Zum Eingew\u00f6hnen segelten wir am n\u00e4chsten Tag nach Avero in einen Minihafen, wo Gastlieger nicht erw\u00fcnscht waren. Landgang unm\u00f6glich. Macht nichts. Nach einer ruhigen Nacht dort erreichten wir Figuera da Foz. Naja-. Peniche konnten wir leider nur unter Maschine erreichen.Der Gastliegeschlengel war belegt. So lag man im P\u00e4ckchen unruhig ohne Service. Die Hafengeb\u00fchren wurden verweigert und Cascais vor Lissabon angesteuert. Nur mit Genaker zu Anfang mit wenig und sp\u00e4ter mit bis zu 19 kn Wind wurde auch mal ein Sonneschu\u00df gefahren. Aber daf\u00fcr sehr schnell. \u00dcber 8 Knt standen zeitweilig auf der Logge. In Cascais begr\u00fc\u00dfte uns die Marina mit einer Flasche Rotwein. Toller Ort! Gro\u00dfe Motor- und Segelyachten im Hafen. Ein riesiger Segelclub. N\u00e4chste Woche findet hier der BMW &#8211; Sailingcup statt. Nachdem es heute fast den ganzen Tag gest\u00fcrmt hat planen wir morgen nach Sines zu segeln. Ca 50 Meilen.<\/p>\n","protected":false},"excerpt":{"rendered":"<p>Seit la Coruna habe ich mich nun nicht mehr gemeldet. Mit einer langen Tour nach Porto Sin am Rio Tambre<\/p>\n<p class=\"readmore\"><a href=\"http:\/\/www.sy-sinus.de\/?p=156\" title=\"Read Cascais\">Read more &raquo;<\/a><\/p>\n","protected":false},"author":2,"featured_media":0,"comment_status":"open","ping_status":"closed","sticky":false,"template":"","format":"standard","meta":{"footnotes":""},"categories":[1],"tags":[],"_links":{"self":[{"href":"http:\/\/www.sy-sinus.de\/index.php?rest_route=\/wp\/v2\/posts\/156"}],"collection":[{"href":"http:\/\/www.sy-sinus.de\/index.php?rest_route=\/wp\/v2\/posts"}],"about":[{"href":"http:\/\/www.sy-sinus.de\/index.php?rest_route=\/wp\/v2\/types\/post"}],"author":[{"embeddable":true,"href":"http:\/\/www.sy-sinus.de\/index.php?rest_route=\/wp\/v2\/users\/2"}],"replies":[{"embeddable":true,"href":"http:\/\/www.sy-sinus.de\/index.php?rest_route=%2Fwp%2Fv2%2Fcomments&post=156"}],"version-history":[{"count":0,"href":"http:\/\/www.sy-sinus.de\/index.php?rest_route=\/wp\/v2\/posts\/156\/revisions"}],"wp:attachment":[{"href":"http:\/\/www.sy-sinus.de\/index.php?rest_route=%2Fwp%2Fv2%2Fmedia&parent=156"}],"wp:term":[{"taxonomy":"category","embeddable":true,"href":"http:\/\/www.sy-sinus.de\/index.php?rest_route=%2Fwp%2Fv2%2Fcategories&post=156"},{"taxonomy":"post_tag","embeddable":true,"href":"http:\/\/www.sy-sinus.de\/index.php?rest_route=%2Fwp%2Fv2%2Ftags&post=156"}],"curies":[{"name":"wp","href":"https:\/\/api.w.org\/{rel}","templated":true}]}}